{"id":3452,"date":"2019-12-04T09:18:47","date_gmt":"2019-12-04T09:18:47","guid":{"rendered":"https:\/\/avvocati-sl.it\/?p=3452"},"modified":"2020-02-03T14:17:46","modified_gmt":"2020-02-03T14:17:46","slug":"condominio-videosorveglianza","status":"publish","type":"post","link":"https:\/\/avvocati-sl.it\/it\/diritto-immobiliare\/condominio-videosorveglianza\/","title":{"rendered":"La videosorveglianza in condominio"},"content":{"rendered":"<div class=\"fusion-fullwidth fullwidth-box fusion-builder-row-1 nonhundred-percent-fullwidth non-hundred-percent-height-scrolling\" style=\"background-color: rgba(255,255,255,0);background-position: center center;background-repeat: no-repeat;padding-top:0px;padding-right:0px;padding-bottom:0px;padding-left:0px;margin-bottom: 0px;margin-top: 0px;border-width: 0px 0px 0px 0px;border-color:#eae9e9;border-style:solid;\" ><div class=\"fusion-builder-row fusion-row\"><div class=\"fusion-layout-column fusion_builder_column fusion-builder-column-0 fusion_builder_column_1_1 1_1 fusion-one-full fusion-column-first fusion-column-last\" style=\"margin-top:0px;margin-bottom:20px;\"><div class=\"fusion-column-wrapper fusion-flex-column-wrapper-legacy\" style=\"background-position:left top;background-repeat:no-repeat;-webkit-background-size:cover;-moz-background-size:cover;-o-background-size:cover;background-size:cover;padding: 0px 0px 0px 0px;\"><div class=\"fusion-text fusion-text-1\"><p><strong>4.12.2019<\/strong><\/p>\n<p style=\"text-align: justify;\">La tutela della privacy non pregiudica l&#8217;adozione di misure di videosorveglianza, soluzione preferita per contrastare il fenomeno di furti e altri reati nelle propriet\u00e0 private in ambito condominiale.<\/p>\n<p style=\"text-align: justify;\"><strong>L\u2019art. 1122-<em>ter c.c., <\/em>introdotto dalla legge di riforma del condominio,<\/strong> ha eliminato ogni dubbio sulla <strong>liceit\u00e0 dell&#8217;installazione delle telecamere nel condominio per la videosorveglianza di cortili e altre parti comuni<\/strong>.<\/p>\n<p style=\"text-align: justify;\">Occorre, ai fini dell\u2019installazione, un <strong><em>quorum <\/em>deliberativo<\/strong> pari alla maggioranza degli intervenuti in assemblea (non importa se presenti personalmente o per delega) portatori di almeno la met\u00e0 del valore dell&#8217;edificio. Si tratta di un\u2019innovazione non suscettibile di utilizzazione separata, le relative spese infatti sono suddivise tra i condomini, anche dissenzienti, in base alle rispettive quote millesimali.<\/p>\n<p style=\"text-align: justify;\"><strong>La legittimit\u00e0 della delibera \u00e8 vincolata all&#8217;osservanza delle disposizioni sulla <em>privacy<\/em><\/strong>.<\/p>\n<p style=\"text-align: justify;\">\u00c8 radicalmente nulla la delibera condominiale che estende la sorveglianza anche alle propriet\u00e0 esclusive dei condomini o a luoghi pubblici esterni all&#8217;edificio.\u00a0Altres\u00ec \u00e8 invalida la delibera d&#8217;installazione di un sistema di videosorveglianza non conforme ai principi di lealt\u00e0, liceit\u00e0, necessit\u00e0 e proporzionalit\u00e0.<\/p>\n<p style=\"text-align: justify;\">Il requisito di lealt\u00e0 presuppone che le persone possano conoscere l&#8217;esistenza del trattamento del dato personale e disporre di un\u2019informazione effettiva e completa in merito alle circostanze della raccolta, al titolare del trattamento e alla finalit\u00e0 perseguita. L\u2019informativa pu\u00f2 aversi mediante cartellonistica, riferimenti grafici, simboli e\/o diciture.<\/p>\n<p style=\"text-align: justify;\">L&#8217;impianto di videosorveglianza deve essere necessario per preservare la sicurezza di persone e la tutela dei beni; va escluso se superfluo o eccessivo rispetto all&#8217;esigenza della salvaguardia della sicurezza delle persone o delle cose.<\/p>\n<p style=\"text-align: justify;\">Gli impianti di videosorveglianza devono rispettare il principio di proporzionalit\u00e0 tra mezzi usati e obiettivi da perseguire. Va evitata la ripresa su aree non soggette a concreti pericoli. Gli impianti di videosorveglianza possono essere installati solo quando la finalit\u00e0 di sicurezza non possa essere perseguita con altre misure (sistemi di allarme o altri controlli collegati a Istituti di vigilanza).<\/p>\n<p style=\"text-align: justify;\">In conclusione si ribadisce che la tutela della privacy non pregiudica l&#8217;adozione di misure efficaci per garantire la sicurezza e l&#8217;accertamento degli illeciti.<\/p>\n<\/div><div class=\"fusion-clearfix\"><\/div><\/div><\/div><\/div><\/div>\n","protected":false},"excerpt":{"rendered":"","protected":false},"author":3,"featured_media":0,"comment_status":"closed","ping_status":"closed","sticky":false,"template":"","format":"standard","meta":[],"categories":[82],"tags":[129,75],"yoast_head":"<!-- This site is optimized with the Yoast SEO plugin v21.7 - https:\/\/yoast.com\/wordpress\/plugins\/seo\/ -->\n<title>La videosorveglianza in condominio &#8211; Studio legale associato EurAmbrosiano<\/title>\n<meta name=\"description\" content=\"La tutela della privacy non pregiudica l&#039;adozione di misure di videosorveglianza nel condominio, come da art. 1122-ter c.c. legge di riforma del condominio.\" \/>\n<meta name=\"robots\" content=\"index, follow, max-snippet:-1, max-image-preview:large, max-video-preview:-1\" \/>\n<link rel=\"canonical\" href=\"https:\/\/avvocati-sl.it\/it\/diritto-immobiliare\/condominio-videosorveglianza\/\" \/>\n<meta property=\"og:locale\" content=\"it_IT\" \/>\n<meta property=\"og:type\" content=\"article\" \/>\n<meta property=\"og:title\" content=\"La videosorveglianza in condominio &#8211; Studio legale associato EurAmbrosiano\" \/>\n<meta property=\"og:description\" content=\"La tutela della privacy non pregiudica l&#039;adozione di misure di videosorveglianza nel condominio, come da art. 1122-ter c.c. legge di riforma del condominio.\" \/>\n<meta property=\"og:url\" content=\"https:\/\/avvocati-sl.it\/it\/diritto-immobiliare\/condominio-videosorveglianza\/\" \/>\n<meta property=\"og:site_name\" content=\"Studio legale associato EurAmbrosiano\" \/>\n<meta property=\"article:published_time\" content=\"2019-12-04T09:18:47+00:00\" \/>\n<meta property=\"article:modified_time\" content=\"2020-02-03T14:17:46+00:00\" \/>\n<meta name=\"author\" content=\"Elena Devita\" \/>\n<meta name=\"twitter:card\" content=\"summary_large_image\" \/>\n<meta name=\"twitter:label1\" content=\"Scritto da\" \/>\n\t<meta name=\"twitter:data1\" content=\"Elena Devita\" \/>\n\t<meta name=\"twitter:label2\" content=\"Tempo di lettura stimato\" \/>\n\t<meta name=\"twitter:data2\" content=\"3 minuti\" \/>\n<script type=\"application\/ld+json\" class=\"yoast-schema-graph\">{\"@context\":\"https:\/\/schema.org\",\"@graph\":[{\"@type\":\"Article\",\"@id\":\"https:\/\/avvocati-sl.it\/it\/diritto-immobiliare\/condominio-videosorveglianza\/#article\",\"isPartOf\":{\"@id\":\"https:\/\/avvocati-sl.it\/it\/diritto-immobiliare\/condominio-videosorveglianza\/\"},\"author\":{\"name\":\"Elena Devita\",\"@id\":\"https:\/\/avvocati-sl.it\/it\/#\/schema\/person\/6346a3015fb267bcc8d9e2a72cb4e34a\"},\"headline\":\"La videosorveglianza in condominio\",\"datePublished\":\"2019-12-04T09:18:47+00:00\",\"dateModified\":\"2020-02-03T14:17:46+00:00\",\"mainEntityOfPage\":{\"@id\":\"https:\/\/avvocati-sl.it\/it\/diritto-immobiliare\/condominio-videosorveglianza\/\"},\"wordCount\":547,\"publisher\":{\"@id\":\"https:\/\/avvocati-sl.it\/it\/#organization\"},\"keywords\":[\"condominio\",\"privacy\"],\"articleSection\":[\"Diritto immobiliare\"],\"inLanguage\":\"it-IT\"},{\"@type\":\"WebPage\",\"@id\":\"https:\/\/avvocati-sl.it\/it\/diritto-immobiliare\/condominio-videosorveglianza\/\",\"url\":\"https:\/\/avvocati-sl.it\/it\/diritto-immobiliare\/condominio-videosorveglianza\/\",\"name\":\"La videosorveglianza in condominio &#8211; Studio legale associato EurAmbrosiano\",\"isPartOf\":{\"@id\":\"https:\/\/avvocati-sl.it\/it\/#website\"},\"datePublished\":\"2019-12-04T09:18:47+00:00\",\"dateModified\":\"2020-02-03T14:17:46+00:00\",\"description\":\"La tutela della privacy non pregiudica l'adozione di misure di videosorveglianza nel condominio, come da art. 1122-ter c.c. legge di riforma del condominio.\",\"breadcrumb\":{\"@id\":\"https:\/\/avvocati-sl.it\/it\/diritto-immobiliare\/condominio-videosorveglianza\/#breadcrumb\"},\"inLanguage\":\"it-IT\",\"potentialAction\":[{\"@type\":\"ReadAction\",\"target\":[\"https:\/\/avvocati-sl.it\/it\/diritto-immobiliare\/condominio-videosorveglianza\/\"]}]},{\"@type\":\"BreadcrumbList\",\"@id\":\"https:\/\/avvocati-sl.it\/it\/diritto-immobiliare\/condominio-videosorveglianza\/#breadcrumb\",\"itemListElement\":[{\"@type\":\"ListItem\",\"position\":1,\"name\":\"Home\",\"item\":\"https:\/\/avvocati-sl.it\/it\/\"},{\"@type\":\"ListItem\",\"position\":2,\"name\":\"La videosorveglianza in condominio\"}]},{\"@type\":\"WebSite\",\"@id\":\"https:\/\/avvocati-sl.it\/it\/#website\",\"url\":\"https:\/\/avvocati-sl.it\/it\/\",\"name\":\"Studio legale associato EurAmbrosiano\",\"description\":\"Affidabilit\u00e0, competenza, indipendenza\",\"publisher\":{\"@id\":\"https:\/\/avvocati-sl.it\/it\/#organization\"},\"potentialAction\":[{\"@type\":\"SearchAction\",\"target\":{\"@type\":\"EntryPoint\",\"urlTemplate\":\"https:\/\/avvocati-sl.it\/it\/?s={search_term_string}\"},\"query-input\":\"required name=search_term_string\"}],\"inLanguage\":\"it-IT\"},{\"@type\":\"Organization\",\"@id\":\"https:\/\/avvocati-sl.it\/it\/#organization\",\"name\":\"Studio Legale Associato EurAmbrosiano\",\"url\":\"https:\/\/avvocati-sl.it\/it\/\",\"logo\":{\"@type\":\"ImageObject\",\"inLanguage\":\"it-IT\",\"@id\":\"https:\/\/avvocati-sl.it\/it\/#\/schema\/logo\/image\/\",\"url\":\"https:\/\/avvocati-sl.it\/wp-content\/uploads\/Studio-EurAmbrosiano-IMG_0671_c-r.jpg\",\"contentUrl\":\"https:\/\/avvocati-sl.it\/wp-content\/uploads\/Studio-EurAmbrosiano-IMG_0671_c-r.jpg\",\"width\":1632,\"height\":2449,\"caption\":\"Studio Legale Associato EurAmbrosiano\"},\"image\":{\"@id\":\"https:\/\/avvocati-sl.it\/it\/#\/schema\/logo\/image\/\"},\"sameAs\":[\"https:\/\/www.linkedin.com\/company\/studio-legale-associato-eurambrosiano\/?viewAsMember=true\"]},{\"@type\":\"Person\",\"@id\":\"https:\/\/avvocati-sl.it\/it\/#\/schema\/person\/6346a3015fb267bcc8d9e2a72cb4e34a\",\"name\":\"Elena Devita\",\"image\":{\"@type\":\"ImageObject\",\"inLanguage\":\"it-IT\",\"@id\":\"https:\/\/avvocati-sl.it\/it\/#\/schema\/person\/image\/\",\"url\":\"https:\/\/secure.gravatar.com\/avatar\/d863071365993c9ff86b6de0d537bd54?s=96&d=mm&r=g\",\"contentUrl\":\"https:\/\/secure.gravatar.com\/avatar\/d863071365993c9ff86b6de0d537bd54?s=96&d=mm&r=g\",\"caption\":\"Elena Devita\"},\"sameAs\":[\"https:\/\/avvocati-sl.it\"],\"url\":\"https:\/\/avvocati-sl.it\/it\/author\/elena\/\"}]}<\/script>\n<!-- \/ Yoast SEO plugin. -->","yoast_head_json":{"title":"La videosorveglianza in condominio &#8211; Studio legale associato EurAmbrosiano","description":"La tutela della privacy non pregiudica l'adozione di misure di videosorveglianza nel condominio, come da art. 1122-ter c.c. legge di riforma del condominio.","robots":{"index":"index","follow":"follow","max-snippet":"max-snippet:-1","max-image-preview":"max-image-preview:large","max-video-preview":"max-video-preview:-1"},"canonical":"https:\/\/avvocati-sl.it\/it\/diritto-immobiliare\/condominio-videosorveglianza\/","og_locale":"it_IT","og_type":"article","og_title":"La videosorveglianza in condominio &#8211; Studio legale associato EurAmbrosiano","og_description":"La tutela della privacy non pregiudica l'adozione di misure di videosorveglianza nel condominio, come da art. 1122-ter c.c. legge di riforma del condominio.","og_url":"https:\/\/avvocati-sl.it\/it\/diritto-immobiliare\/condominio-videosorveglianza\/","og_site_name":"Studio legale associato EurAmbrosiano","article_published_time":"2019-12-04T09:18:47+00:00","article_modified_time":"2020-02-03T14:17:46+00:00","author":"Elena Devita","twitter_card":"summary_large_image","twitter_misc":{"Scritto da":"Elena Devita","Tempo di lettura stimato":"3 minuti"},"schema":{"@context":"https:\/\/schema.org","@graph":[{"@type":"Article","@id":"https:\/\/avvocati-sl.it\/it\/diritto-immobiliare\/condominio-videosorveglianza\/#article","isPartOf":{"@id":"https:\/\/avvocati-sl.it\/it\/diritto-immobiliare\/condominio-videosorveglianza\/"},"author":{"name":"Elena Devita","@id":"https:\/\/avvocati-sl.it\/it\/#\/schema\/person\/6346a3015fb267bcc8d9e2a72cb4e34a"},"headline":"La videosorveglianza in condominio","datePublished":"2019-12-04T09:18:47+00:00","dateModified":"2020-02-03T14:17:46+00:00","mainEntityOfPage":{"@id":"https:\/\/avvocati-sl.it\/it\/diritto-immobiliare\/condominio-videosorveglianza\/"},"wordCount":547,"publisher":{"@id":"https:\/\/avvocati-sl.it\/it\/#organization"},"keywords":["condominio","privacy"],"articleSection":["Diritto immobiliare"],"inLanguage":"it-IT"},{"@type":"WebPage","@id":"https:\/\/avvocati-sl.it\/it\/diritto-immobiliare\/condominio-videosorveglianza\/","url":"https:\/\/avvocati-sl.it\/it\/diritto-immobiliare\/condominio-videosorveglianza\/","name":"La videosorveglianza in condominio &#8211; Studio legale associato EurAmbrosiano","isPartOf":{"@id":"https:\/\/avvocati-sl.it\/it\/#website"},"datePublished":"2019-12-04T09:18:47+00:00","dateModified":"2020-02-03T14:17:46+00:00","description":"La tutela della privacy non pregiudica l'adozione di misure di videosorveglianza nel condominio, come da art. 1122-ter c.c. legge di riforma del condominio.","breadcrumb":{"@id":"https:\/\/avvocati-sl.it\/it\/diritto-immobiliare\/condominio-videosorveglianza\/#breadcrumb"},"inLanguage":"it-IT","potentialAction":[{"@type":"ReadAction","target":["https:\/\/avvocati-sl.it\/it\/diritto-immobiliare\/condominio-videosorveglianza\/"]}]},{"@type":"BreadcrumbList","@id":"https:\/\/avvocati-sl.it\/it\/diritto-immobiliare\/condominio-videosorveglianza\/#breadcrumb","itemListElement":[{"@type":"ListItem","position":1,"name":"Home","item":"https:\/\/avvocati-sl.it\/it\/"},{"@type":"ListItem","position":2,"name":"La videosorveglianza in condominio"}]},{"@type":"WebSite","@id":"https:\/\/avvocati-sl.it\/it\/#website","url":"https:\/\/avvocati-sl.it\/it\/","name":"Studio legale associato EurAmbrosiano","description":"Affidabilit\u00e0, competenza, indipendenza","publisher":{"@id":"https:\/\/avvocati-sl.it\/it\/#organization"},"potentialAction":[{"@type":"SearchAction","target":{"@type":"EntryPoint","urlTemplate":"https:\/\/avvocati-sl.it\/it\/?s={search_term_string}"},"query-input":"required name=search_term_string"}],"inLanguage":"it-IT"},{"@type":"Organization","@id":"https:\/\/avvocati-sl.it\/it\/#organization","name":"Studio Legale Associato EurAmbrosiano","url":"https:\/\/avvocati-sl.it\/it\/","logo":{"@type":"ImageObject","inLanguage":"it-IT","@id":"https:\/\/avvocati-sl.it\/it\/#\/schema\/logo\/image\/","url":"https:\/\/avvocati-sl.it\/wp-content\/uploads\/Studio-EurAmbrosiano-IMG_0671_c-r.jpg","contentUrl":"https:\/\/avvocati-sl.it\/wp-content\/uploads\/Studio-EurAmbrosiano-IMG_0671_c-r.jpg","width":1632,"height":2449,"caption":"Studio Legale Associato EurAmbrosiano"},"image":{"@id":"https:\/\/avvocati-sl.it\/it\/#\/schema\/logo\/image\/"},"sameAs":["https:\/\/www.linkedin.com\/company\/studio-legale-associato-eurambrosiano\/?viewAsMember=true"]},{"@type":"Person","@id":"https:\/\/avvocati-sl.it\/it\/#\/schema\/person\/6346a3015fb267bcc8d9e2a72cb4e34a","name":"Elena Devita","image":{"@type":"ImageObject","inLanguage":"it-IT","@id":"https:\/\/avvocati-sl.it\/it\/#\/schema\/person\/image\/","url":"https:\/\/secure.gravatar.com\/avatar\/d863071365993c9ff86b6de0d537bd54?s=96&d=mm&r=g","contentUrl":"https:\/\/secure.gravatar.com\/avatar\/d863071365993c9ff86b6de0d537bd54?s=96&d=mm&r=g","caption":"Elena Devita"},"sameAs":["https:\/\/avvocati-sl.it"],"url":"https:\/\/avvocati-sl.it\/it\/author\/elena\/"}]}},"_links":{"self":[{"href":"https:\/\/avvocati-sl.it\/it\/wp-json\/wp\/v2\/posts\/3452"}],"collection":[{"href":"https:\/\/avvocati-sl.it\/it\/wp-json\/wp\/v2\/posts"}],"about":[{"href":"https:\/\/avvocati-sl.it\/it\/wp-json\/wp\/v2\/types\/post"}],"author":[{"embeddable":true,"href":"https:\/\/avvocati-sl.it\/it\/wp-json\/wp\/v2\/users\/3"}],"replies":[{"embeddable":true,"href":"https:\/\/avvocati-sl.it\/it\/wp-json\/wp\/v2\/comments?post=3452"}],"version-history":[{"count":0,"href":"https:\/\/avvocati-sl.it\/it\/wp-json\/wp\/v2\/posts\/3452\/revisions"}],"wp:attachment":[{"href":"https:\/\/avvocati-sl.it\/it\/wp-json\/wp\/v2\/media?parent=3452"}],"wp:term":[{"taxonomy":"category","embeddable":true,"href":"https:\/\/avvocati-sl.it\/it\/wp-json\/wp\/v2\/categories?post=3452"},{"taxonomy":"post_tag","embeddable":true,"href":"https:\/\/avvocati-sl.it\/it\/wp-json\/wp\/v2\/tags?post=3452"}],"curies":[{"name":"wp","href":"https:\/\/api.w.org\/{rel}","templated":true}]}}